{"id":6940,"date":"2022-06-11T08:13:00","date_gmt":"2022-06-11T07:13:00","guid":{"rendered":"http:\/\/tanzkollektivbremen.de\/?p=6940"},"modified":"2022-06-20T08:18:35","modified_gmt":"2022-06-20T07:18:35","slug":"abschiedsduo","status":"publish","type":"post","link":"https:\/\/tanzkollektivbremen.de\/en\/abschiedsduo\/","title":{"rendered":"Abschiedsduo"},"content":{"rendered":"<div class=\"wp-block-columns is-layout-flex wp-container-core-columns-is-layout-9d6595d7 wp-block-columns-is-layout-flex\">\n<div class=\"wp-block-column is-layout-flow wp-block-column-is-layout-flow\" style=\"flex-basis:33.33%\">\n<p>Zum Abschied der jetzigen Leitung der Schwankhalle Bremen gib es am 18.06.2022 ein Fest und Magali Sander Fett und Tomas B\u00fcnger haben extra daf\u00fcr ein Duo kreiert.<\/p>\n\n\n\n<div style=\"height:25px\" aria-hidden=\"true\" class=\"wp-block-spacer\"><\/div>\n\n\n\n<p> <strong><strong>GRETE &#8211; EIN ABSCHIEDSDUO<\/strong><\/strong> <\/p>\n<\/div>\n\n\n\n<div class=\"wp-block-column is-layout-flow wp-block-column-is-layout-flow\" style=\"flex-basis:66.66%\">\n<p>Ausgehend von einem Video, indem sich Tomas B\u00fcnger mit der Demenz und der Zuneigung zu seiner Gro\u00dfmutter auseinandersetzt, forscht er zusammen mit Magali Sander Fett nach Erinnerungen, die andere Menschen in unseren K\u00f6rpern hinterlassen.<\/p>\n\n\n\n<div style=\"height:25px\" aria-hidden=\"true\" class=\"wp-block-spacer\"><\/div>\n\n\n\n<p>Eine choreografische Recherche zum Thema Abschied und eine Suche nach Neubeginn, die das Vergangene nicht ausblendet.<\/p>\n\n\n\n<div style=\"height:25px\" aria-hidden=\"true\" class=\"wp-block-spacer\"><\/div>\n\n\n\n<p>Mit diesem Duo verabschiedet sich Tomas B\u00fcnger vom TanzKollektivBremen.\u00a0<\/p>\n\n\n\n<div style=\"height:25px\" aria-hidden=\"true\" class=\"wp-block-spacer\"><\/div>\n\n\n\n<p>Es ist auch das Ende einer erfolgreichen Saison, mit Einladungen des Duos &#8222;See me!&#8220; zum internationalen Festival TANZ BREMEN und der Jugendproduktion &#8222;listen to my story&#8220; zum Festival HART AM WIND.<\/p>\n<\/div>\n<\/div>","protected":false},"excerpt":{"rendered":"<p>Zum Abschied der jetzigen Leitung der Schwankhalle Bremen gib es am 18.06.2022 ein Fest und Magali Sander Fett und Tomas B\u00fcnger haben extra daf\u00fcr ein Duo kreiert: GRETE &#8211; EIN ABSCHIEDSDUO<\/p>","protected":false},"author":3,"featured_media":6942,"comment_status":"closed","ping_status":"closed","sticky":false,"template":"","format":"standard","meta":{"footnotes":""},"categories":[28],"tags":[],"class_list":["post-6940","post","type-post","status-publish","format-standard","has-post-thumbnail","hentry","category-tanz"],"_links":{"self":[{"href":"https:\/\/tanzkollektivbremen.de\/en\/wp-json\/wp\/v2\/posts\/6940","targetHints":{"allow":["GET"]}}],"collection":[{"href":"https:\/\/tanzkollektivbremen.de\/en\/wp-json\/wp\/v2\/posts"}],"about":[{"href":"https:\/\/tanzkollektivbremen.de\/en\/wp-json\/wp\/v2\/types\/post"}],"author":[{"embeddable":true,"href":"https:\/\/tanzkollektivbremen.de\/en\/wp-json\/wp\/v2\/users\/3"}],"replies":[{"embeddable":true,"href":"https:\/\/tanzkollektivbremen.de\/en\/wp-json\/wp\/v2\/comments?post=6940"}],"version-history":[{"count":4,"href":"https:\/\/tanzkollektivbremen.de\/en\/wp-json\/wp\/v2\/posts\/6940\/revisions"}],"predecessor-version":[{"id":6945,"href":"https:\/\/tanzkollektivbremen.de\/en\/wp-json\/wp\/v2\/posts\/6940\/revisions\/6945"}],"wp:featuredmedia":[{"embeddable":true,"href":"https:\/\/tanzkollektivbremen.de\/en\/wp-json\/wp\/v2\/media\/6942"}],"wp:attachment":[{"href":"https:\/\/tanzkollektivbremen.de\/en\/wp-json\/wp\/v2\/media?parent=6940"}],"wp:term":[{"taxonomy":"category","embeddable":true,"href":"https:\/\/tanzkollektivbremen.de\/en\/wp-json\/wp\/v2\/categories?post=6940"},{"taxonomy":"post_tag","embeddable":true,"href":"https:\/\/tanzkollektivbremen.de\/en\/wp-json\/wp\/v2\/tags?post=6940"}],"curies":[{"name":"wp","href":"https:\/\/api.w.org\/{rel}","templated":true}]}}