{"id":6860,"date":"2021-12-30T12:12:47","date_gmt":"2021-12-30T12:12:47","guid":{"rendered":"http:\/\/tanzkollektivbremen.de\/?p=6860"},"modified":"2022-03-07T17:30:42","modified_gmt":"2022-03-07T16:30:42","slug":"see-me","status":"publish","type":"post","link":"https:\/\/tanzkollektivbremen.de\/en\/see-me\/","title":{"rendered":"See me!"},"content":{"rendered":"<div class=\"wp-block-columns is-layout-flex wp-container-core-columns-is-layout-9d6595d7 wp-block-columns-is-layout-flex\">\n<div class=\"wp-block-column is-layout-flow wp-block-column-is-layout-flow\" style=\"flex-basis:33.33%\">\n<p>Von Tomas B\u00fcnger &amp; Sergey Zhukov<\/p>\n\n\n\n<div style=\"height:25px\" aria-hidden=\"true\" class=\"wp-block-spacer\"><\/div>\n\n\n\n<p>Schwankhalle Bremen<\/p>\n\n\n\n<div style=\"height:25px\" aria-hidden=\"true\" class=\"wp-block-spacer\"><\/div>\n\n\n\n<p>Premiere am<br>Do 27.1. &#8211; SA 29.1. jeweils 19 Uhr<\/p>\n\n\n\n<div style=\"height:25px\" aria-hidden=\"true\" class=\"wp-block-spacer\"><\/div>\n\n\n\n<p>Am Fr 28.01.21 mit Publikumsgespr\u00e4ch im Anschluss<\/p>\n\n\n\n<div style=\"height:25px\" aria-hidden=\"true\" class=\"wp-block-spacer\"><\/div>\n\n\n\n<p><a rel=\"noreferrer noopener\" href=\"http:\/\/schwankhalle.de\/seemee#tickets\" target=\"_blank\"><span class=\"has-inline-color has-vivid-red-color\">TICKETS\u203a\u203a<\/span><\/a><\/p>\n<\/div>\n\n\n\n<div class=\"wp-block-column is-layout-flow wp-block-column-is-layout-flow\" style=\"flex-basis:66.66%\">\n<p><em>\u203aThe body was made soft to keep us from loneliness.\u2039<\/em><br>(Ocean Vuong)<\/p>\n\n\n\n<div style=\"height:25px\" aria-hidden=\"true\" class=\"wp-block-spacer\"><\/div>\n\n\n\n<p>In einem B\u00fchnenraum, der an eine Wohnung erinnert, begeben sich Tomas B\u00fcnger und Sergey Zhukov in eine t\u00e4nzerischen Auseinandersetzung mit der eigenen Biografie. Wer bin ich, wenn ich eine B\u00fchne betrete und damit auch die Welt? Wie sehe ich mich und wie sehen mich die anderen? Wie kann ich ich selbst sein und gleichzeitig eine theatrale Figur? In einem M\u00f6glichkeitsraum der Identit\u00e4tsfindung kommt es zu einer Begegnung zweier T\u00e4nzer mit dem Wunsch, sich im anderen zu entdecken. Basierend auf ihren Online-Produktionen \u203aQueerland?\u2039 und \u203aSpeeddating #1\u2039, mit dem sie zum Festival April Dance 2021 @IAPAR in Pune, Indien eingeladen waren, setzen B\u00fcnger und Zhukov ihren Rechercheprozess \u00fcber die Ann\u00e4herung zweier Menschen fort. Sie betrachten das k\u00fcnstlerische Material neu und erarbeiten eine B\u00fchnenproduktion, die sich zwischen Tanz und Theater, Realit\u00e4t und Fiktion bewegt und sich mit der eigenen, queeren Identit\u00e4t auseinandersetzt.<\/p>\n\n\n\n<div style=\"height:25px\" aria-hidden=\"true\" class=\"wp-block-spacer\"><\/div>\n\n\n\n<p><strong>\u200b\u200bTomas B\u00fcnger<\/strong> studierte klassischen und modernen B\u00fchnentanz an der Hochschule f\u00fcr Musik, Theater und Medien Hannover und war langj\u00e4hriges Mitglied des Tanztheater Bremen. Er arbeitete u.a. mit Susanne Linke, Urs Dietrich, Rodolpho Leonie, Rami Be&#8217;er, Henrietta Horn und Reinhild Hoffmann. Seit 2014 ist er K\u00fcnstlerischer Leiter der Young Choreographer\u2019s Platform, initiiert vom Goethe-Institut Bangladesh. Tomas B\u00fcnger ist Mitbegr\u00fcnder des TanzKollektivBremen, Hausgenosse an der Schwankhalle Bremen, Jury-Mitglied des Tanztreffen der Jugend\/Berliner Festspiele und Yoga Lehrer.<\/p>\n\n\n\n<div style=\"height:25px\" aria-hidden=\"true\" class=\"wp-block-spacer\"><\/div>\n\n\n\n<p><strong>Sergey Zhukov<\/strong> wurde in Katschar (Kasachstan) geboren und kam Ende der 1990er nach Deutschland. Vom Gesellschaftstanz wechselte er zum Tanz-Studium an die Folkwang Universit\u00e4t der K\u00fcnste und schloss mit dem Folkwang-Preis ab. Er tanzte f\u00fcr das Folkwang-TanzStudio und als Gast beim Tanztheater Wuppertal Pina Bausch. Zhukov arbeitete zusammen mit Choreograf*innen wie Susanne Linke, Urs Dietrich, Rodolpho Leoni, Chikako Kaido, Renate Graziadei und vielen anderen. 2021 begann er mit Tomas B\u00fcnger seine t\u00e4nzerische\/choreografische Forschung zum Thema queerer Identit\u00e4t.<\/p>\n\n\n\n<div style=\"height:25px\" aria-hidden=\"true\" class=\"wp-block-spacer\"><\/div>\n\n\n\n<p><strong>CREDITS<\/strong><br><strong>TANZ UND CHOREOGRAFIE<\/strong>&nbsp; Tomas B\u00fcnger und Sergey Zhukov<br><strong>K\u00dcNSTLERISCHE BEGLEITUNG<\/strong>&nbsp; Jona Aulepp<br><strong>ASSISTENZ<\/strong>&nbsp; Magali Sander Fett<\/p>\n\n\n\n<div style=\"height:25px\" aria-hidden=\"true\" class=\"wp-block-spacer\"><\/div>\n\n\n\n<p>Sponsored by the Senator for Culture Bremen<\/p>\n\n\n\n<p><\/p>\n\n\n\n<p>Foto: Marianne Menke<\/p>\n<\/div>\n<\/div>","protected":false},"excerpt":{"rendered":"<p>In einem B\u00fchnenraum, der an eine Wohnung erinnert, begeben sich Tomas B\u00fcnger und Sergey Zhukov in eine t\u00e4nzerischen Auseinandersetzung mit der eigenen Biografie. Wer bin ich, wenn ich eine B\u00fchne betrete und damit auch die Welt? Wie sehe ich mich und wie sehen mich die anderen? Wie kann ich ich selbst sein und gleichzeitig eine theatrale Figur?<\/p>","protected":false},"author":3,"featured_media":6917,"comment_status":"closed","ping_status":"closed","sticky":false,"template":"","format":"standard","meta":{"footnotes":""},"categories":[28],"tags":[],"class_list":["post-6860","post","type-post","status-publish","format-standard","has-post-thumbnail","hentry","category-tanz"],"_links":{"self":[{"href":"https:\/\/tanzkollektivbremen.de\/en\/wp-json\/wp\/v2\/posts\/6860","targetHints":{"allow":["GET"]}}],"collection":[{"href":"https:\/\/tanzkollektivbremen.de\/en\/wp-json\/wp\/v2\/posts"}],"about":[{"href":"https:\/\/tanzkollektivbremen.de\/en\/wp-json\/wp\/v2\/types\/post"}],"author":[{"embeddable":true,"href":"https:\/\/tanzkollektivbremen.de\/en\/wp-json\/wp\/v2\/users\/3"}],"replies":[{"embeddable":true,"href":"https:\/\/tanzkollektivbremen.de\/en\/wp-json\/wp\/v2\/comments?post=6860"}],"version-history":[{"count":8,"href":"https:\/\/tanzkollektivbremen.de\/en\/wp-json\/wp\/v2\/posts\/6860\/revisions"}],"predecessor-version":[{"id":6915,"href":"https:\/\/tanzkollektivbremen.de\/en\/wp-json\/wp\/v2\/posts\/6860\/revisions\/6915"}],"wp:featuredmedia":[{"embeddable":true,"href":"https:\/\/tanzkollektivbremen.de\/en\/wp-json\/wp\/v2\/media\/6917"}],"wp:attachment":[{"href":"https:\/\/tanzkollektivbremen.de\/en\/wp-json\/wp\/v2\/media?parent=6860"}],"wp:term":[{"taxonomy":"category","embeddable":true,"href":"https:\/\/tanzkollektivbremen.de\/en\/wp-json\/wp\/v2\/categories?post=6860"},{"taxonomy":"post_tag","embeddable":true,"href":"https:\/\/tanzkollektivbremen.de\/en\/wp-json\/wp\/v2\/tags?post=6860"}],"curies":[{"name":"wp","href":"https:\/\/api.w.org\/{rel}","templated":true}]}}