{"id":6790,"date":"2021-11-08T11:07:21","date_gmt":"2021-11-08T11:07:21","guid":{"rendered":"http:\/\/tanzkollektivbremen.de\/?p=6790"},"modified":"2021-12-31T16:27:52","modified_gmt":"2021-12-31T16:27:52","slug":"another-body-2","status":"publish","type":"post","link":"https:\/\/tanzkollektivbremen.de\/en\/another-body-2\/","title":{"rendered":"Another Body"},"content":{"rendered":"<div class=\"wp-block-columns is-layout-flex wp-container-core-columns-is-layout-9d6595d7 wp-block-columns-is-layout-flex\">\n<div class=\"wp-block-column is-layout-flow wp-block-column-is-layout-flow\" style=\"flex-basis:33.33%\">\n<p>Tanz<\/p>\n\n\n\n<p>DO 16.12 &#8211; SA 18.12. \/ 20 Uhr<\/p>\n\n\n\n<p>im Rahmen des Themenschwerpunkts <strong>\u203a<a rel=\"noreferrer noopener\" href=\"http:\/\/schwankhalle.de\/loslassen\" target=\"_blank\"><span class=\"has-inline-color has-vivid-red-color\">Loslassen<\/span><\/a>\u2039<\/strong>.<\/p>\n\n\n\n<p><a href=\"http:\/\/schwankhalle.de\/anotherbody#tickets\" target=\"_blank\" rel=\"noreferrer noopener\"><strong><span class=\"has-inline-color has-vivid-red-color\">TICKETS \u203a\u203a<\/span><\/strong><\/a><\/p>\n<\/div>\n\n\n\n<div class=\"wp-block-column is-layout-flow wp-block-column-is-layout-flow\" style=\"flex-basis:66.66%\">\n<p>Mit \u203aAnother Body\u2039 kn\u00fcpft das TanzKollektivBremen an ihren 2019 in der Schwankhalle uraufgef\u00fchrten Abend \u203aDialog der K\u00f6rper\u2039 an. Die t\u00e4nzerischen Dialoge \u00fcber die kulturelle Pr\u00e4gung von K\u00f6rpern werden um die Perspektiven von zwei Gast-Performer*innen erweitert, deren Besch\u00e4ftigung mit Tanz sich f\u00fcr gew\u00f6hnlich eher hinter den Kulissen abspielt. In \u203aEin Tanzexemplar\u2039 \u2013 einem Duett \u00fcber Verletzungen und Grenz\u00fcberschreitungen \u2013 trifft Magali Sander Fett auf die Tanzmedizinerin Eileen Wanke. In der Performance \u203aDein K\u00f6rper\u2039 setzen sich Tom B\u00fcnger und der zeitgen\u00f6ssische Komponist Riccardo Castagnola mit Macht, Manipulation und M\u00e4nnlichkeit auseinander.&nbsp;<\/p>\n\n\n\n<div style=\"height:25px\" aria-hidden=\"true\" class=\"wp-block-spacer\"><\/div>\n\n\n\n<p>Das <strong>TanzKollektivBremen<\/strong> versteht sich als Plattform f\u00fcr zeitgen\u00f6ssischen Tanz und wurde 2013 von Tomas B\u00fcnger, Magali Sander Fett und Miroslaw \u017bydowicz gegr\u00fcndet. Ausgehend von den eigenen, sehr unterschiedlichen Biografien der drei Performer*innen geht es in der Arbeit des TKB immer um die t\u00e4nzerische Auseinandersetzung mit der Realit\u00e4t und um die Relevanz und Ausdrucksformen des K\u00f6rpers in der Gesellschaft. In gemeinsamer k\u00fcnstlerischer Forschung entstehen neue performative Formate auf und jenseits der B\u00fchne.<\/p>\n\n\n\n<div style=\"height:25px\" aria-hidden=\"true\" class=\"wp-block-spacer\"><\/div>\n\n\n\n<p>Seit Beginn der Spielzeit 20\/21 arbeitet die Gruppe im Rahmen des Hausgenoss*innen-Modells eng mit der Schwankhalle zusammen. Die Schwankhalle fungiert als Koproduzentin f\u00fcr vier Produktionen in den kommenden zwei Spielzeiten und bietet dem TKB dramaturgische Beratung, technische und r\u00e4umliche Infrastruktur, sowie organisatorische Unterst\u00fctzung.<\/p>\n<\/div>\n<\/div>\n\n\n\n<p><\/p>","protected":false},"excerpt":{"rendered":"<p>Mit \u203aAnother Body\u2039 kn\u00fcpft das TanzKollektivBremen an ihren 2019 in der Schwankhalle uraufgef\u00fchrten Abend \u203aDialog der K\u00f6rper\u2039 an. <\/p>","protected":false},"author":3,"featured_media":6800,"comment_status":"closed","ping_status":"closed","sticky":false,"template":"","format":"standard","meta":{"footnotes":""},"categories":[1],"tags":[],"class_list":["post-6790","post","type-post","status-publish","format-standard","has-post-thumbnail","hentry","category-verschiedenes"],"_links":{"self":[{"href":"https:\/\/tanzkollektivbremen.de\/en\/wp-json\/wp\/v2\/posts\/6790","targetHints":{"allow":["GET"]}}],"collection":[{"href":"https:\/\/tanzkollektivbremen.de\/en\/wp-json\/wp\/v2\/posts"}],"about":[{"href":"https:\/\/tanzkollektivbremen.de\/en\/wp-json\/wp\/v2\/types\/post"}],"author":[{"embeddable":true,"href":"https:\/\/tanzkollektivbremen.de\/en\/wp-json\/wp\/v2\/users\/3"}],"replies":[{"embeddable":true,"href":"https:\/\/tanzkollektivbremen.de\/en\/wp-json\/wp\/v2\/comments?post=6790"}],"version-history":[{"count":5,"href":"https:\/\/tanzkollektivbremen.de\/en\/wp-json\/wp\/v2\/posts\/6790\/revisions"}],"predecessor-version":[{"id":6885,"href":"https:\/\/tanzkollektivbremen.de\/en\/wp-json\/wp\/v2\/posts\/6790\/revisions\/6885"}],"wp:featuredmedia":[{"embeddable":true,"href":"https:\/\/tanzkollektivbremen.de\/en\/wp-json\/wp\/v2\/media\/6800"}],"wp:attachment":[{"href":"https:\/\/tanzkollektivbremen.de\/en\/wp-json\/wp\/v2\/media?parent=6790"}],"wp:term":[{"taxonomy":"category","embeddable":true,"href":"https:\/\/tanzkollektivbremen.de\/en\/wp-json\/wp\/v2\/categories?post=6790"},{"taxonomy":"post_tag","embeddable":true,"href":"https:\/\/tanzkollektivbremen.de\/en\/wp-json\/wp\/v2\/tags?post=6790"}],"curies":[{"name":"wp","href":"https:\/\/api.w.org\/{rel}","templated":true}]}}