{"id":6748,"date":"2021-07-30T12:03:00","date_gmt":"2021-07-30T12:03:00","guid":{"rendered":"http:\/\/tanzkollektivbremen.de\/?p=6748"},"modified":"2022-01-01T13:28:36","modified_gmt":"2022-01-01T13:28:36","slug":"residenz-in-rumaenien","status":"publish","type":"post","link":"https:\/\/tanzkollektivbremen.de\/en\/residenz-in-rumaenien\/","title":{"rendered":"RESIDENZ IN RUM\u00c4NIEN"},"content":{"rendered":"<p>Tomas B\u00fcnger hatte\u00a0im Juli\u00a02021 zusammen mit dem T\u00e4nzer Andor Rusu eine Residenz-Einladung vom Goethe-Institut Bukarest. Zusammen gingen sie auf biografische Recherche, drehten einen Kurzfilm und gaben einen Workshop f\u00fcr junge rum\u00e4nische T\u00e4nzer*innen. <\/p>\n\n\n\n<p>In ihrer Recherche besch\u00e4ftigten sie sich mit den Fragen: Wie kann die eigene Biografie und die der Familie Grundlage f\u00fcr einen choreografischen Prozess werden? Wer bin ich, wenn ich eine B\u00fchne betrete?<\/p>\n\n\n\n<p> <\/p>","protected":false},"excerpt":{"rendered":"<p>Tomas B\u00fcnger hatte im Juli 2021 zusammen mit dem T\u00e4nzer Andor Rusu eine Residenz-Einladung vom Goethe-Institut Bukarest. Zusammen gingen sie auf biografische Recherche, drehten einen Kurzfilm und gaben einen Workshop f\u00fcr junge rum\u00e4nische T\u00e4nzer*innen.<\/p>","protected":false},"author":3,"featured_media":6850,"comment_status":"closed","ping_status":"closed","sticky":false,"template":"","format":"standard","meta":{"footnotes":""},"categories":[1],"tags":[],"class_list":["post-6748","post","type-post","status-publish","format-standard","has-post-thumbnail","hentry","category-verschiedenes"],"_links":{"self":[{"href":"https:\/\/tanzkollektivbremen.de\/en\/wp-json\/wp\/v2\/posts\/6748","targetHints":{"allow":["GET"]}}],"collection":[{"href":"https:\/\/tanzkollektivbremen.de\/en\/wp-json\/wp\/v2\/posts"}],"about":[{"href":"https:\/\/tanzkollektivbremen.de\/en\/wp-json\/wp\/v2\/types\/post"}],"author":[{"embeddable":true,"href":"https:\/\/tanzkollektivbremen.de\/en\/wp-json\/wp\/v2\/users\/3"}],"replies":[{"embeddable":true,"href":"https:\/\/tanzkollektivbremen.de\/en\/wp-json\/wp\/v2\/comments?post=6748"}],"version-history":[{"count":3,"href":"https:\/\/tanzkollektivbremen.de\/en\/wp-json\/wp\/v2\/posts\/6748\/revisions"}],"predecessor-version":[{"id":6893,"href":"https:\/\/tanzkollektivbremen.de\/en\/wp-json\/wp\/v2\/posts\/6748\/revisions\/6893"}],"wp:featuredmedia":[{"embeddable":true,"href":"https:\/\/tanzkollektivbremen.de\/en\/wp-json\/wp\/v2\/media\/6850"}],"wp:attachment":[{"href":"https:\/\/tanzkollektivbremen.de\/en\/wp-json\/wp\/v2\/media?parent=6748"}],"wp:term":[{"taxonomy":"category","embeddable":true,"href":"https:\/\/tanzkollektivbremen.de\/en\/wp-json\/wp\/v2\/categories?post=6748"},{"taxonomy":"post_tag","embeddable":true,"href":"https:\/\/tanzkollektivbremen.de\/en\/wp-json\/wp\/v2\/tags?post=6748"}],"curies":[{"name":"wp","href":"https:\/\/api.w.org\/{rel}","templated":true}]}}