{"id":6695,"date":"2021-03-05T11:06:00","date_gmt":"2021-03-05T11:06:00","guid":{"rendered":"http:\/\/tanzkollektivbremen.de\/?p=6695"},"modified":"2021-12-31T16:17:44","modified_gmt":"2021-12-31T16:17:44","slug":"31-skizzen-im-livestream","status":"publish","type":"post","link":"https:\/\/tanzkollektivbremen.de\/en\/31-skizzen-im-livestream\/","title":{"rendered":"31 Skizzen im Livestream"},"content":{"rendered":"<p>FR 12.03.2021 19.00 Uhr <strong>Livestream<\/strong><\/p>\n\n\n\n<p>SA 13.03.2021 19.00 Uhr&nbsp;<strong>Livestream<\/strong><\/p>\n\n\n\n<p>SO <strong>14.3.<\/strong> \/ 18 Uhr &#8211; DI <strong>16.3.<\/strong> \/ 23.59 Uhr (on demand)<\/p>\n\n\n\n<p>Wiederaufnahme aus der Schwankhalle<\/p>\n\n\n\n<div style=\"height:10px\" aria-hidden=\"true\" class=\"wp-block-spacer\"><\/div>\n\n\n\n<p>1968 gr\u00fcndete Johann Kresnik sein Choreografisches Theater am Theater Bremen. 50 Jahre sp\u00e4ter setzte sich das TanzKollektivBremen mit dem eher unbekannten zeichnerischen Werk des Choreografen und K\u00fcnstlers Johann Kresnik auseinander.&nbsp;F\u00fcnf T\u00e4nzer*innen und ein Musiker suchen in \u201eEinunddrei\u00dfig Skizzen\u201c nach einem Ausgangspunkt f\u00fcr eine ganz eigene choreografische Auseinandersetzung und interpretieren seine Zeichnungen aus heutiger Sicht neu.&nbsp;Eine performative Auseinandersetzung mit Machtverh\u00e4ltnissen und Polarit\u00e4ten entsteht. In einem One-Shot-Livestream wird &#8222;Einunddrei\u00dfig Skizzen&#8220; f\u00fcr die virtuelle B\u00fchne der Schwankhalle adaptiert.<\/p>\n\n\n\n<div style=\"height:10px\" aria-hidden=\"true\" class=\"wp-block-spacer\"><\/div>\n\n\n\n<p>Das Projekt basiert auf den Skizzen und Zeichnungen aus dem Katalog zur Ausstellung &#8222;Johann Kresnik. Choreographische Skizzen und Zeichnungen 1973-1998&nbsp;(Bremen, Klagenfurt, Heidelberg, K\u00f6ln), kuratiert von Ulrike Lehmann.<\/p>\n\n\n\n<div style=\"height:10px\" aria-hidden=\"true\" class=\"wp-block-spacer\"><\/div>\n\n\n\n<p><em>Tanz:&nbsp;Neus Ledesma, Magali Sander Fett, Frauke Scharf, Anton Rudakov, Miros\u0142aw \u017bydowicz<\/em><\/p>\n\n\n\n<p><em>Musik:&nbsp;Jonas Wiese\/ Kamera Livestream: Lukas Zerbst<\/em><\/p>\n\n\n\n<p><em>B\u00fchne: Till Botterweck<\/em><\/p>\n\n\n\n<p><em>Costume: Lilly Bosse<\/em><\/p>\n\n\n\n<p><em>K\u00fcnstlerische Mitarbeit: Tomas B\u00fcnger<\/em><\/p>\n\n\n\n<p><em>Projectmanagement: Ulrike Osten<\/em><\/p>\n\n\n\n<p><em>Produktionsassistenz:&nbsp;Farina Josefine Malet<\/em><\/p>\n\n\n\n<p><em>Eine Produktion vom TanzKollektivBremen in Koproduktion mit dem Theater Bremen<\/em><\/p>\n\n\n\n<p><em>gef\u00f6rdert von der Karin und Uwe Hollweg Stiftung, der Waldemar Koch Stiftung und dem Senator f\u00fcr Kultur<\/em><\/p>\n\n\n\n<p><em>unterst\u00fctzt von der Schwankhalle BremenPremiere 11.10.2018 Theater Bremen<\/em><\/p>\n\n\n\n<p><\/p>","protected":false},"excerpt":{"rendered":"<p>Wiederaufnahme des St\u00fcckes &#8222;31 Skizzen&#8220; von Magali Sander Fett.<\/p>","protected":false},"author":3,"featured_media":5744,"comment_status":"closed","ping_status":"closed","sticky":false,"template":"","format":"standard","meta":{"footnotes":""},"categories":[1],"tags":[],"class_list":["post-6695","post","type-post","status-publish","format-standard","has-post-thumbnail","hentry","category-verschiedenes"],"_links":{"self":[{"href":"https:\/\/tanzkollektivbremen.de\/en\/wp-json\/wp\/v2\/posts\/6695","targetHints":{"allow":["GET"]}}],"collection":[{"href":"https:\/\/tanzkollektivbremen.de\/en\/wp-json\/wp\/v2\/posts"}],"about":[{"href":"https:\/\/tanzkollektivbremen.de\/en\/wp-json\/wp\/v2\/types\/post"}],"author":[{"embeddable":true,"href":"https:\/\/tanzkollektivbremen.de\/en\/wp-json\/wp\/v2\/users\/3"}],"replies":[{"embeddable":true,"href":"https:\/\/tanzkollektivbremen.de\/en\/wp-json\/wp\/v2\/comments?post=6695"}],"version-history":[{"count":13,"href":"https:\/\/tanzkollektivbremen.de\/en\/wp-json\/wp\/v2\/posts\/6695\/revisions"}],"predecessor-version":[{"id":6881,"href":"https:\/\/tanzkollektivbremen.de\/en\/wp-json\/wp\/v2\/posts\/6695\/revisions\/6881"}],"wp:featuredmedia":[{"embeddable":true,"href":"https:\/\/tanzkollektivbremen.de\/en\/wp-json\/wp\/v2\/media\/5744"}],"wp:attachment":[{"href":"https:\/\/tanzkollektivbremen.de\/en\/wp-json\/wp\/v2\/media?parent=6695"}],"wp:term":[{"taxonomy":"category","embeddable":true,"href":"https:\/\/tanzkollektivbremen.de\/en\/wp-json\/wp\/v2\/categories?post=6695"},{"taxonomy":"post_tag","embeddable":true,"href":"https:\/\/tanzkollektivbremen.de\/en\/wp-json\/wp\/v2\/tags?post=6695"}],"curies":[{"name":"wp","href":"https:\/\/api.w.org\/{rel}","templated":true}]}}