{"id":6318,"date":"2020-12-10T13:27:05","date_gmt":"2020-12-10T13:27:05","guid":{"rendered":"http:\/\/tanzkollektivbremen.de\/?p=6318"},"modified":"2021-01-31T08:58:27","modified_gmt":"2021-01-31T08:58:27","slug":"darf-ich-bitten-bremer-tanzdialoge-1","status":"publish","type":"post","link":"https:\/\/tanzkollektivbremen.de\/en\/darf-ich-bitten-bremer-tanzdialoge-1\/","title":{"rendered":"\u201eDarf ich bitten?\u201c Bremer Tanzdialoge #1"},"content":{"rendered":"<p>Vier Dialogpartner*innen aus der Bremer Tanzszene, die noch nie miteinander gearbeitet haben, treffen f\u00fcr eine kurze Probenzeit aufeinander. Es entstehen 10-min\u00fctige Kompositionen, die so vielf\u00e4ltig sind wie die Szene selbst. <\/p>\n\n\n\n<div style=\"height:20px\" aria-hidden=\"true\" class=\"wp-block-spacer\"><\/div>\n\n\n\n<p><em>Mit: Tina Havers und Miriam R\u00f6der, Magali Sander Fett und Markus Hoft, Neus&nbsp;Ledesma und Tim Gerhards, Tomas B\u00fcnger und Andor Rusu\/ Film: Lukas Zerbst\/ gef\u00f6rdert von: Senator f\u00fcr Kultur, Sparkasse Bremen<\/em><\/p>\n\n\n\n<p><em>Dank an:&nbsp;Birgit Freitag, Ulrike Osten, Etage Bremen, Tanzwerk Bremen, Theater Bremen, Theaterkontor im Kontorhaus, Radioweser TV<\/em> <\/p>\n\n\n\n<div style=\"height:20px\" aria-hidden=\"true\" class=\"wp-block-spacer\"><\/div>\n\n\n\n<p><strong>Zur Idee: <\/strong>Die Tanzdialoge sind eine Plattform f\u00fcr eine k\u00fcnstlerische Auseinandersetzung und den Austausch zwischen Tanzschaffenden. Es entsteht ein Experimentierfeld, das Begegnung innerhalb der freien Szene erm\u00f6glicht. Unterschiedliche Hintergr\u00fcnde und diverse Tanzsprachen werden miteinander konfrontiert und erforscht.<\/p>\n\n\n\n<div style=\"height:20px\" aria-hidden=\"true\" class=\"wp-block-spacer\"><\/div>\n\n\n\n<p>Ein Projekt der AG Tanzinitiative im Landesverband Freie Darstellende K\u00fcnste Bremen.<\/p>\n\n\n\n<div style=\"height:20px\" aria-hidden=\"true\" class=\"wp-block-spacer\"><\/div>\n\n\n\n<hr class=\"wp-block-separator\"\/>\n\n\n\n<p><strong>Stream bei radioweser.tv: <\/strong>12.12.2020, 20:15 Uhr<\/p>\n\n\n\n<p><strong>Weitere Sendetermine: <\/strong>13.12.2020, 00.15 Uhr, 04.15 Uhr, 08.15 Uhr, 12.15 Uhr und 16.15 Uhr<\/p>\n\n\n\n<div style=\"height:20px\" aria-hidden=\"true\" class=\"wp-block-spacer\"><\/div>\n\n\n\n<p> <strong>Hier gehts zum <a rel=\"noreferrer noopener\" aria-label=\"Stream (\u00f6ffnet in neuem Tab)\" href=\"https:\/\/www.medialabnord.de\/tv-livestream\/\" target=\"_blank\">Stream<\/a> von RWTV<\/strong><\/p>","protected":false},"excerpt":{"rendered":"<p>Vier Dialogpartner*innen aus der Bremer Tanzszene, die noch nie miteinander gearbeitet haben, treffen f\u00fcr eine kurze Probenzeit aufeinander. Es entstehen 10-min\u00fctige Kompositionen, die so vielf\u00e4ltig sind wie die Szene selbst. Mit: Tina Havers und Miriam R\u00f6der, Magali Sander Fett und Markus Hoft, Neus&nbsp;Ledesma und Tim&#8230;<\/p>","protected":false},"author":3,"featured_media":6618,"comment_status":"closed","ping_status":"closed","sticky":false,"template":"","format":"standard","meta":{"footnotes":""},"categories":[31],"tags":[],"class_list":["post-6318","post","type-post","status-publish","format-standard","has-post-thumbnail","hentry","category-choreografie"],"_links":{"self":[{"href":"https:\/\/tanzkollektivbremen.de\/en\/wp-json\/wp\/v2\/posts\/6318","targetHints":{"allow":["GET"]}}],"collection":[{"href":"https:\/\/tanzkollektivbremen.de\/en\/wp-json\/wp\/v2\/posts"}],"about":[{"href":"https:\/\/tanzkollektivbremen.de\/en\/wp-json\/wp\/v2\/types\/post"}],"author":[{"embeddable":true,"href":"https:\/\/tanzkollektivbremen.de\/en\/wp-json\/wp\/v2\/users\/3"}],"replies":[{"embeddable":true,"href":"https:\/\/tanzkollektivbremen.de\/en\/wp-json\/wp\/v2\/comments?post=6318"}],"version-history":[{"count":8,"href":"https:\/\/tanzkollektivbremen.de\/en\/wp-json\/wp\/v2\/posts\/6318\/revisions"}],"predecessor-version":[{"id":6512,"href":"https:\/\/tanzkollektivbremen.de\/en\/wp-json\/wp\/v2\/posts\/6318\/revisions\/6512"}],"wp:featuredmedia":[{"embeddable":true,"href":"https:\/\/tanzkollektivbremen.de\/en\/wp-json\/wp\/v2\/media\/6618"}],"wp:attachment":[{"href":"https:\/\/tanzkollektivbremen.de\/en\/wp-json\/wp\/v2\/media?parent=6318"}],"wp:term":[{"taxonomy":"category","embeddable":true,"href":"https:\/\/tanzkollektivbremen.de\/en\/wp-json\/wp\/v2\/categories?post=6318"},{"taxonomy":"post_tag","embeddable":true,"href":"https:\/\/tanzkollektivbremen.de\/en\/wp-json\/wp\/v2\/tags?post=6318"}],"curies":[{"name":"wp","href":"https:\/\/api.w.org\/{rel}","templated":true}]}}