{"id":6013,"date":"2020-10-27T08:09:51","date_gmt":"2020-10-27T08:09:51","guid":{"rendered":"http:\/\/tanzkollektivbremen.de\/?p=6013"},"modified":"2021-12-29T18:48:51","modified_gmt":"2021-12-29T18:48:51","slug":"another-body","status":"publish","type":"post","link":"https:\/\/tanzkollektivbremen.de\/en\/another-body\/","title":{"rendered":"ANOTHER BODY (abgesagt)"},"content":{"rendered":"<p><strong>Another Body<\/strong><\/p>\n\n\n\n<p>von Tomas B\u00fcnger, Magali Sander Fett,&nbsp;Miros\u0142aw \u017bydowicz &nbsp;<br>Schwankhalle Bremen<br>Do 5.11. 19.00 Uhr Premiere Fr 6.11. 19.00 Uhr im Anschluss Publikumsgespr\u00e4ch Sa 7.11. 19.00 Uhr So 8.11. 16.00 Uhr im Anschluss Filmdokumentation von Tomas B\u00fcnger&nbsp;\u201eIn einem Boot&#8220;<\/p>\n\n\n\n<p><br>Warm-up auf dem Peter-Zadek-Platz jeweils ab 30 Minuten vor Vorstellungsbeginn <\/p>\n\n\n\n<p><\/p>\n\n\n\n<p> Mit \u203aAnother Body\u2039 kn\u00fcpft das TanzKollektivBremen an ihren 2019 in der Schwankhalle uraufgef\u00fchrten Abend \u203aDialog der K\u00f6rper\u2039 an. Die t\u00e4nzerischen Dialoge \u00fcber die kulturelle Pr\u00e4gung von K\u00f6rpern werden um die Perspektiven von zwei Gast-Performer*innen erweitert, deren Besch\u00e4ftigung mit Tanz sich f\u00fcr gew\u00f6hnlich eher hinter den Kulissen abspielt. In \u203aEin Tanzexemplar\u2039 \u2013 einem Duett \u00fcber Verletzungen und Grenz\u00fcberschreitungen \u2013 trifft Magali Sander Fett auf die Tanzmedizinerin Eileen Wanke. In der Performance \u203aDein K\u00f6rper\u2039 setzen sich Tom B\u00fcnger und der zeitgen\u00f6ssische Komponist Riccardo Castagnola mit Macht, Manipulation und M\u00e4nnlichkeit auseinander.&nbsp;Das Duett \u203aPas de Deux\u2039 (Magali Sander Fett\/Miros\u0142aw \u017bydowicz) widmet sich dem gleichnamigen Motiv aus dem klassischen Ballett. Wie sieht der \u203aSchritt zu zweit\u2039 als zeitgen\u00f6ssischer Paartanz aus, interpretiert von einem Duo, das einen langen Weg der beruflichen Biografie teilt? Miros\u0142aw \u017bydowicz\u2019 \u203aOne\u2039 ist ein Duett mit einem imaginierten Partner, das inspiriert von Shakespeares Liebes-Sonetten und den Symptomen der Erkrankung \u203aChorea Huntington\u2039 von Verlangen und Eifersucht erz\u00e4hlt.<\/p>\n\n\n\n<p><br><em>Tanz: Tomas B\u00fcnger,&nbsp;Magali Sander Fett, Eileen Wanke,&nbsp;Miros\u0142aw \u017bydowicz\/&nbsp;Komposition, Live Elektronik:&nbsp;Riccardo Castagnola\/&nbsp;K\u00fcnstlerische Assistenz: Frauke Scharf\/&nbsp;Projektmanagement: Ulrike Osten.&nbsp;Eine Produktion vom TanzKollektivBremen\/&nbsp;Koproduktion Schwankhalle\/ gef\u00f6rdert vom Senator f\u00fcr Kultur<\/em><\/p>\n\n\n\n<p><br>Tickets online unter&nbsp;<a rel=\"noreferrer noopener\" href=\"https:\/\/deref-web.de\/mail\/client\/ExhzSVQxTr4\/dereferrer\/?redirectUrl=http%3A%2F%2Fwww.schwankhalle.de\" target=\"_blank\">www.schwankhalle.de<\/a>,&nbsp;ggf. Restkarten an der Abendkasse, dann&nbsp;Kartenausgabe jeweils 1 Stunde vor Vorstellungsbeginn.Keine Reservierungen m\u00f6glich. Bitte beachten Sie die Hinweise zu Gruppenbestellungen, Kontingenten und Hygienevorgaben auf der Website.<br><\/p>\n\n\n\n<p>DIE VORSTELLUNG IST WEGEN DES LOCKDOWNS ABGESAGT UND WIRD IM M\u00c4RZ 2021 NACHGEHOLT.<\/p>\n\n\n\n<p><\/p>\n\n\n\n<p>Foto: Marianne Menke<\/p>","protected":false},"excerpt":{"rendered":"<p>Another Body von Tomas B\u00fcnger, Magali Sander Fett,&nbsp;Miros\u0142aw \u017bydowicz &nbsp;Schwankhalle BremenDo 5.11. 19.00 Uhr Premiere Fr 6.11. 19.00 Uhr im Anschluss Publikumsgespr\u00e4ch Sa 7.11. 19.00 Uhr So 8.11. 16.00 Uhr im Anschluss Filmdokumentation von Tomas B\u00fcnger&nbsp;\u201eIn einem Boot&#8220; Warm-up auf dem Peter-Zadek-Platz jeweils ab 30&#8230;<\/p>","protected":false},"author":3,"featured_media":6842,"comment_status":"closed","ping_status":"closed","sticky":false,"template":"","format":"standard","meta":{"footnotes":""},"categories":[31],"tags":[],"class_list":["post-6013","post","type-post","status-publish","format-standard","has-post-thumbnail","hentry","category-choreografie"],"_links":{"self":[{"href":"https:\/\/tanzkollektivbremen.de\/en\/wp-json\/wp\/v2\/posts\/6013","targetHints":{"allow":["GET"]}}],"collection":[{"href":"https:\/\/tanzkollektivbremen.de\/en\/wp-json\/wp\/v2\/posts"}],"about":[{"href":"https:\/\/tanzkollektivbremen.de\/en\/wp-json\/wp\/v2\/types\/post"}],"author":[{"embeddable":true,"href":"https:\/\/tanzkollektivbremen.de\/en\/wp-json\/wp\/v2\/users\/3"}],"replies":[{"embeddable":true,"href":"https:\/\/tanzkollektivbremen.de\/en\/wp-json\/wp\/v2\/comments?post=6013"}],"version-history":[{"count":8,"href":"https:\/\/tanzkollektivbremen.de\/en\/wp-json\/wp\/v2\/posts\/6013\/revisions"}],"predecessor-version":[{"id":6841,"href":"https:\/\/tanzkollektivbremen.de\/en\/wp-json\/wp\/v2\/posts\/6013\/revisions\/6841"}],"wp:featuredmedia":[{"embeddable":true,"href":"https:\/\/tanzkollektivbremen.de\/en\/wp-json\/wp\/v2\/media\/6842"}],"wp:attachment":[{"href":"https:\/\/tanzkollektivbremen.de\/en\/wp-json\/wp\/v2\/media?parent=6013"}],"wp:term":[{"taxonomy":"category","embeddable":true,"href":"https:\/\/tanzkollektivbremen.de\/en\/wp-json\/wp\/v2\/categories?post=6013"},{"taxonomy":"post_tag","embeddable":true,"href":"https:\/\/tanzkollektivbremen.de\/en\/wp-json\/wp\/v2\/tags?post=6013"}],"curies":[{"name":"wp","href":"https:\/\/api.w.org\/{rel}","templated":true}]}}