{"id":5986,"date":"2020-08-27T10:07:40","date_gmt":"2020-08-27T10:07:40","guid":{"rendered":"http:\/\/tanzkollektivbremen.de\/?p=5986"},"modified":"2021-01-05T19:24:56","modified_gmt":"2021-01-05T19:24:56","slug":"hausgenossinnen-in-der-schwankhalle","status":"publish","type":"post","link":"https:\/\/tanzkollektivbremen.de\/en\/hausgenossinnen-in-der-schwankhalle\/","title":{"rendered":"Hausgenoss*innen in der Schwankhalle"},"content":{"rendered":"<p>Die Schwankhalle Bremen intensiviert und verstetigt ihre Zusammenarbeit mit dem TanzKollektivBremen und stellt zus\u00e4tzliche Mittel f\u00fcr vier Produktionen in den kommenden zwei Spielzeiten bereit. Dramaturgische Beratung, technische und r\u00e4umliche Infrastruktur, sowie eine organisatorische Unterst\u00fctzung durch die Produktionsleitung der Schwankhalle sind Bestandteil des Hausgenoss*innen-Modells. Mit \u203aAnother Body\u2039 feiert die erste Produktion des TKB im November in der Schwankhalle Premiere.&nbsp;<\/p>","protected":false},"excerpt":{"rendered":"<p>Die Schwankhalle Bremen intensiviert und verstetigt ihre Zusammenarbeit mit dem TanzKollektivBremen und stellt zus\u00e4tzliche Mittel f\u00fcr vier Produktionen in den kommenden zwei Spielzeiten bereit. Dramaturgische Beratung, technische und r\u00e4umliche Infrastruktur, sowie eine organisatorische Unterst\u00fctzung durch die Produktionsleitung der Schwankhalle sind Bestandteil des Hausgenoss*innen-Modells. Mit \u203aAnother&#8230;<\/p>","protected":false},"author":3,"featured_media":5992,"comment_status":"closed","ping_status":"closed","sticky":false,"template":"","format":"standard","meta":{"footnotes":""},"categories":[32],"tags":[],"class_list":["post-5986","post","type-post","status-publish","format-standard","has-post-thumbnail","hentry","category-kooperationen"],"_links":{"self":[{"href":"https:\/\/tanzkollektivbremen.de\/en\/wp-json\/wp\/v2\/posts\/5986","targetHints":{"allow":["GET"]}}],"collection":[{"href":"https:\/\/tanzkollektivbremen.de\/en\/wp-json\/wp\/v2\/posts"}],"about":[{"href":"https:\/\/tanzkollektivbremen.de\/en\/wp-json\/wp\/v2\/types\/post"}],"author":[{"embeddable":true,"href":"https:\/\/tanzkollektivbremen.de\/en\/wp-json\/wp\/v2\/users\/3"}],"replies":[{"embeddable":true,"href":"https:\/\/tanzkollektivbremen.de\/en\/wp-json\/wp\/v2\/comments?post=5986"}],"version-history":[{"count":2,"href":"https:\/\/tanzkollektivbremen.de\/en\/wp-json\/wp\/v2\/posts\/5986\/revisions"}],"predecessor-version":[{"id":5988,"href":"https:\/\/tanzkollektivbremen.de\/en\/wp-json\/wp\/v2\/posts\/5986\/revisions\/5988"}],"wp:featuredmedia":[{"embeddable":true,"href":"https:\/\/tanzkollektivbremen.de\/en\/wp-json\/wp\/v2\/media\/5992"}],"wp:attachment":[{"href":"https:\/\/tanzkollektivbremen.de\/en\/wp-json\/wp\/v2\/media?parent=5986"}],"wp:term":[{"taxonomy":"category","embeddable":true,"href":"https:\/\/tanzkollektivbremen.de\/en\/wp-json\/wp\/v2\/categories?post=5986"},{"taxonomy":"post_tag","embeddable":true,"href":"https:\/\/tanzkollektivbremen.de\/en\/wp-json\/wp\/v2\/tags?post=5986"}],"curies":[{"name":"wp","href":"https:\/\/api.w.org\/{rel}","templated":true}]}}