{"id":5949,"date":"2020-07-03T15:34:16","date_gmt":"2020-07-03T15:34:16","guid":{"rendered":"http:\/\/tanzkollektivbremen.de\/?p=5949"},"modified":"2021-01-05T19:25:05","modified_gmt":"2021-01-05T19:25:05","slug":"2d-real-dimensions","status":"publish","type":"post","link":"https:\/\/tanzkollektivbremen.de\/en\/2d-real-dimensions\/","title":{"rendered":"2D-real dimensions"},"content":{"rendered":"<p><strong>2D&nbsp;\u2013&nbsp;real dimensions<\/strong> Tanzperformance auf dem Rasen <\/p>\n\n\n\n<p>von Magali Sander Fett <strong>nur Fr 10.07.2020 um 20.00&nbsp;Uhr<\/strong> auf der Sportanlage des ATS Buntentor\/ Weg zum Kr\u00e4henberg 1<br><\/p>\n\n\n\n<p>Inspiriert von den Kunstwerken der IKONEN-Ausstellung entstand eine mediale Tanzperformance in der Kunsthalle Bremen. Die Kunstwerke wurden lebendig und um neue faszinierende Facetten erweitert. Performer*innen und Soundk\u00fcnstler setzen das Spiel mit r\u00e4umlichen und zeitlichen Dimensionen jetzt im \u00f6ffentlichen Raum fort. Was bleibt, wenn die Kunstwerke nicht mehr zu sehen sind, aber der Dialog weitergef\u00fchrt wird?<br>Eine Veranstaltung im Rahmen vom BREMER KULTURSOMMER SUMMARUM<em>T<\/em><em>anz:&nbsp;<\/em><em>Neus Ledesma, Magali Sander Fett;&nbsp; Miros\u0142aw \u017bydowicz\/ Choreografie: Magali Sander Fett\/&nbsp;<\/em><em>Sounddesign:&nbsp;Jonas Wiese<\/em><em>\/&nbsp;Dramaturgische Beratung: Tomas B\u00fcnger\/&nbsp;Projektmanagement: Ulrike Osten\/&nbsp;<\/em><em>Eine Produktion vom TanzKollektivBremen in Kooperation mit der Schwankhalle<\/em><em>\/ gef\u00f6rdert vom Senator f\u00fcr Kultur<\/em><br><strong>Kartenvorverkauf nur online unter www.schwankhalle.de\/ www.sommer-summarum.de<\/strong>Beim ATS-Vereinsheim gibt es Pizza und Getr\u00e4nke. Wer ein Sitzkissen f\u00fcr die \u00fcberdachte Trib\u00fcne ben\u00f6tigt, bitte mitbringen!\n\n<\/p>","protected":false},"excerpt":{"rendered":"<p>2D&nbsp;\u2013&nbsp;real dimensions Tanzperformance auf dem Rasen von Magali Sander Fett nur Fr 10.07.2020 um 20.00&nbsp;Uhr auf der Sportanlage des ATS Buntentor\/ Weg zum Kr\u00e4henberg 1 Inspiriert von den Kunstwerken der IKONEN-Ausstellung entstand eine mediale Tanzperformance in der Kunsthalle Bremen. Die Kunstwerke wurden lebendig und um&#8230;<\/p>","protected":false},"author":3,"featured_media":5951,"comment_status":"closed","ping_status":"closed","sticky":false,"template":"","format":"standard","meta":{"footnotes":""},"categories":[31],"tags":[],"class_list":["post-5949","post","type-post","status-publish","format-standard","has-post-thumbnail","hentry","category-choreografie"],"_links":{"self":[{"href":"https:\/\/tanzkollektivbremen.de\/en\/wp-json\/wp\/v2\/posts\/5949","targetHints":{"allow":["GET"]}}],"collection":[{"href":"https:\/\/tanzkollektivbremen.de\/en\/wp-json\/wp\/v2\/posts"}],"about":[{"href":"https:\/\/tanzkollektivbremen.de\/en\/wp-json\/wp\/v2\/types\/post"}],"author":[{"embeddable":true,"href":"https:\/\/tanzkollektivbremen.de\/en\/wp-json\/wp\/v2\/users\/3"}],"replies":[{"embeddable":true,"href":"https:\/\/tanzkollektivbremen.de\/en\/wp-json\/wp\/v2\/comments?post=5949"}],"version-history":[{"count":2,"href":"https:\/\/tanzkollektivbremen.de\/en\/wp-json\/wp\/v2\/posts\/5949\/revisions"}],"predecessor-version":[{"id":6514,"href":"https:\/\/tanzkollektivbremen.de\/en\/wp-json\/wp\/v2\/posts\/5949\/revisions\/6514"}],"wp:featuredmedia":[{"embeddable":true,"href":"https:\/\/tanzkollektivbremen.de\/en\/wp-json\/wp\/v2\/media\/5951"}],"wp:attachment":[{"href":"https:\/\/tanzkollektivbremen.de\/en\/wp-json\/wp\/v2\/media?parent=5949"}],"wp:term":[{"taxonomy":"category","embeddable":true,"href":"https:\/\/tanzkollektivbremen.de\/en\/wp-json\/wp\/v2\/categories?post=5949"},{"taxonomy":"post_tag","embeddable":true,"href":"https:\/\/tanzkollektivbremen.de\/en\/wp-json\/wp\/v2\/tags?post=5949"}],"curies":[{"name":"wp","href":"https:\/\/api.w.org\/{rel}","templated":true}]}}