{"id":5946,"date":"2020-04-25T07:35:18","date_gmt":"2020-04-25T07:35:18","guid":{"rendered":"http:\/\/tanzkollektivbremen.de\/?p=5946"},"modified":"2021-01-05T19:25:21","modified_gmt":"2021-01-05T19:25:21","slug":"masterclass-online","status":"publish","type":"post","link":"https:\/\/tanzkollektivbremen.de\/en\/masterclass-online\/","title":{"rendered":"Masterclass online"},"content":{"rendered":"<div>Die HKS Ottersberg und das Bremer steptext dance project bieten ein w\u00f6chentliches Tanztraining an. Die Masterclass l\u00e4dt alle Mover*innen, T\u00e4nzer*innen und Bewegungsfreudige ein, von und mit den Meister*innen ihres Faches zu lernen &#8211; aus Bremen, der Region, Deutschland und international.<\/p>\n<p>Die Masterclass findet normalerweise donnerstags in den R\u00e4umen der Schwankhalle Bremen und mit wechselnden Dozent*innen statt. Bis zum 25. Juni bieten wir mit dem Bremer T\u00e4nzer Tomas B\u00fcnger die Masterclass nun online und kostenlos an! Jede Stunde hat dabei ein Thema, Ziel ist es den eigenen K\u00f6rper als Instrument m\u00f6glichst facettenreich kennenzulernen. Die \u00dcbungen sind bequem von zu Hause nachzumachen. Am Ende jeder Einheit ist Platz f\u00fcr Feedback und Austausch.<\/p>\n<p>Die Masterclass ist unter<\/p>\n<p>https:\/\/zoom.us\/j\/91298536920 oder per<br \/>\nMeeting-ID: 5912-9853-6920<\/p>\n<p>erreichbar. Die Zoom-App wird zur Teilnahme ben\u00f6tigt.<\/p>\n<\/div>\n<div id=\"content\" class=\"container main-content clearfix programm-detail-page\">\n<section class=\"main-col event\">\n<p class=\"info\">\n<\/section>\n<\/div>","protected":false},"excerpt":{"rendered":"<p>Die HKS Ottersberg und das Bremer steptext dance project bieten ein w\u00f6chentliches Tanztraining an. Die Masterclass l\u00e4dt alle Mover*innen, T\u00e4nzer*innen und Bewegungsfreudige ein, von und mit den Meister*innen ihres Faches zu lernen &#8211; aus Bremen, der Region, Deutschland und international. Die Masterclass findet normalerweise donnerstags&#8230;<\/p>","protected":false},"author":3,"featured_media":5039,"comment_status":"closed","ping_status":"closed","sticky":false,"template":"","format":"standard","meta":{"footnotes":""},"categories":[31],"tags":[],"class_list":["post-5946","post","type-post","status-publish","format-standard","has-post-thumbnail","hentry","category-choreografie"],"_links":{"self":[{"href":"https:\/\/tanzkollektivbremen.de\/en\/wp-json\/wp\/v2\/posts\/5946","targetHints":{"allow":["GET"]}}],"collection":[{"href":"https:\/\/tanzkollektivbremen.de\/en\/wp-json\/wp\/v2\/posts"}],"about":[{"href":"https:\/\/tanzkollektivbremen.de\/en\/wp-json\/wp\/v2\/types\/post"}],"author":[{"embeddable":true,"href":"https:\/\/tanzkollektivbremen.de\/en\/wp-json\/wp\/v2\/users\/3"}],"replies":[{"embeddable":true,"href":"https:\/\/tanzkollektivbremen.de\/en\/wp-json\/wp\/v2\/comments?post=5946"}],"version-history":[{"count":2,"href":"https:\/\/tanzkollektivbremen.de\/en\/wp-json\/wp\/v2\/posts\/5946\/revisions"}],"predecessor-version":[{"id":6515,"href":"https:\/\/tanzkollektivbremen.de\/en\/wp-json\/wp\/v2\/posts\/5946\/revisions\/6515"}],"wp:featuredmedia":[{"embeddable":true,"href":"https:\/\/tanzkollektivbremen.de\/en\/wp-json\/wp\/v2\/media\/5039"}],"wp:attachment":[{"href":"https:\/\/tanzkollektivbremen.de\/en\/wp-json\/wp\/v2\/media?parent=5946"}],"wp:term":[{"taxonomy":"category","embeddable":true,"href":"https:\/\/tanzkollektivbremen.de\/en\/wp-json\/wp\/v2\/categories?post=5946"},{"taxonomy":"post_tag","embeddable":true,"href":"https:\/\/tanzkollektivbremen.de\/en\/wp-json\/wp\/v2\/tags?post=5946"}],"curies":[{"name":"wp","href":"https:\/\/api.w.org\/{rel}","templated":true}]}}