{"id":5850,"date":"2020-01-06T16:58:30","date_gmt":"2020-01-06T16:58:30","guid":{"rendered":"http:\/\/tanzkollektivbremen.de\/?p=5850"},"modified":"2022-06-20T08:25:19","modified_gmt":"2022-06-20T07:25:19","slug":"fruehlingserwachen","status":"publish","type":"post","link":"https:\/\/tanzkollektivbremen.de\/en\/fruehlingserwachen\/","title":{"rendered":"Fr\u00fchlingserwachen"},"content":{"rendered":"<div><\/div>\n<p>&nbsp;<\/p>\n<div id=\"content\" class=\"container main-content clearfix programm-detail-page\">\n<section class=\"main-col event\">\n<h1 class=\"event-headline\">FR\u00dcHLINGSERWACHEN<\/h1>\n<p>Premiere 16.01.2020<\/p>\n<p>Kleines Haus\/Theater Bremen<\/p>\n<p class=\"info\">14+<br \/>\nEin Projekt von Alize Zandwijk und Tomas B\u00fcnger<\/p>\n<p id=\"event-description\">\u201eIst es normal, sich daf\u00fcr zu sch\u00e4men, dass man liebt?\u201c (\u00c9douard Louis)<br \/>\nWie f\u00fchlt sich Liebe an? Was ist Schamgef\u00fchl? Wie geht das eigentlich mit dem K\u00fcssen? Und mit den M\u00e4dchen? Warum bin ich oft so traurig und wem kann ich davon erz\u00e4hlen? Und welche Rolle spielt meine Herkunft, meine Sprache und meine Religion? Elf junge M\u00e4nner zwischen 14 und 21 Jahren stellen sich ausgehend von der \u201eKindertrag\u00f6die\u201c Frank Wedekinds Fragen \u00fcber sich und die Gesellschaft in der sie aufwachsen, \u00fcber das Erwachsenwerden und alle Schwierigkeiten, die das mit sich bringt. Dabei begegnen sie sich mit allem, was sie haben: ihren Geschichten und Erfahrungen, ihren geheimsten Tr\u00e4umen und gr\u00f6\u00dften \u00c4ngsten. Sie n\u00e4hern sich an, \u00fcber alle (kulturellen) Unterschiede hinweg, im Spiel und auch im Tanz.<br \/>\nNach dem Projekt \u201eM\u00fctter\u201c mit Bremer Frauen aus verschiedenen Herkunftsl\u00e4ndern, widmet sich Alize Zandwijk nun der j\u00fcngeren Generation. Gemeinsam mit dem Choreografen Tomas B\u00fcnger, der bereits bei \u201eTurnen\u201c mit Jugendlichen zum Thema M\u00e4nnlichkeitsbilder und Leistungsdruck forschte, gibt sie dem Blick der jungen M\u00e4nner auf die Welt, ihrer Sprache und ihren Erfahrungen einen Raum, eine Stimme, einen k\u00f6rperlichen Ausdruck<\/p>\n<p>&nbsp;<\/p>\n<p><span class=\"role\">mit:<\/span>&nbsp;Ayman Abdulazeez, Muhannad Al Baradan, Ismaeel Foustok, Luca Fra\u00dfmann, Ben Grindel, Sam Hemati, Aziz Kaya, Aaron Lampe, Thorin Sieger, Matti Weber, Milan Wiese<\/p>\n<ul class=\"accordeon\">\n<li id=\"ensemble\" class=\"accordeon-item collapsible article-container open\" data-id=\"\">\n<div class=\"accordeon-content-wrap collapsible-text text\"><span class=\"role\">Regie<\/span>&nbsp;Alize Zandwijk<br \/>\n<span class=\"role\">Choreografie<\/span>&nbsp;Tomas B\u00fcnger<br \/>\n<span class=\"role\">B\u00fchne<\/span>&nbsp;Thomas Rupert<br \/>\n<span class=\"role\">Kost\u00fcme<\/span>&nbsp;Greta Bolzoni<br \/>\n<span class=\"role\">Licht<\/span>&nbsp;Joachim Grindel<br \/>\n<span class=\"role\">Dramaturgie<\/span>&nbsp;Theresa Schlesinger<\/div>\n<\/li>\n<\/ul>\n<\/section>\n<section class=\"event\">\n<div id=\"blog\"><\/div>\n<\/section>\n<\/div>\n<footer class=\"site-footer\">\n<div class=\"footer-link-wrapper\">\n<div class=\"footer-links\">Termine und Karten unter: www.theaterbremen.de<\/div>\n<div class=\"footer-links\"><\/div>\n<div class=\"footer-links\">Foto: J\u00f6rg Landsberg<\/div>\n<\/div>\n<\/footer>\n<p>&nbsp;<\/p>","protected":false},"excerpt":{"rendered":"<p>\u201eIst es normal, sich daf\u00fcr zu sch\u00e4men, dass man liebt?\u201c (\u00c9douard Louis)<br \/>\nWie f\u00fchlt sich Liebe an? Was ist Schamgef\u00fchl? Wie geht das eigentlich mit dem K\u00fcssen? Und mit den M\u00e4dchen? Warum bin ich oft so traurig und wem kann ich davon erz\u00e4hlen? Und welche Rolle spielt meine Herkunft, meine Sprache und meine Religion? Elf junge M\u00e4nner zwischen 14 und 21 Jahren stellen sich ausgehend von der \u201eKindertrag\u00f6die\u201c Frank Wedekinds Fragen \u00fcber sich und die Gesellschaft in der sie aufwachsen, \u00fcber das Erwachsenwerden und alle Schwierigkeiten, die das mit sich bringt. <\/p>","protected":false},"author":3,"featured_media":5859,"comment_status":"closed","ping_status":"closed","sticky":false,"template":"","format":"standard","meta":{"footnotes":""},"categories":[31],"tags":[],"class_list":["post-5850","post","type-post","status-publish","format-standard","has-post-thumbnail","hentry","category-choreografie"],"_links":{"self":[{"href":"https:\/\/tanzkollektivbremen.de\/en\/wp-json\/wp\/v2\/posts\/5850","targetHints":{"allow":["GET"]}}],"collection":[{"href":"https:\/\/tanzkollektivbremen.de\/en\/wp-json\/wp\/v2\/posts"}],"about":[{"href":"https:\/\/tanzkollektivbremen.de\/en\/wp-json\/wp\/v2\/types\/post"}],"author":[{"embeddable":true,"href":"https:\/\/tanzkollektivbremen.de\/en\/wp-json\/wp\/v2\/users\/3"}],"replies":[{"embeddable":true,"href":"https:\/\/tanzkollektivbremen.de\/en\/wp-json\/wp\/v2\/comments?post=5850"}],"version-history":[{"count":5,"href":"https:\/\/tanzkollektivbremen.de\/en\/wp-json\/wp\/v2\/posts\/5850\/revisions"}],"predecessor-version":[{"id":6948,"href":"https:\/\/tanzkollektivbremen.de\/en\/wp-json\/wp\/v2\/posts\/5850\/revisions\/6948"}],"wp:featuredmedia":[{"embeddable":true,"href":"https:\/\/tanzkollektivbremen.de\/en\/wp-json\/wp\/v2\/media\/5859"}],"wp:attachment":[{"href":"https:\/\/tanzkollektivbremen.de\/en\/wp-json\/wp\/v2\/media?parent=5850"}],"wp:term":[{"taxonomy":"category","embeddable":true,"href":"https:\/\/tanzkollektivbremen.de\/en\/wp-json\/wp\/v2\/categories?post=5850"},{"taxonomy":"post_tag","embeddable":true,"href":"https:\/\/tanzkollektivbremen.de\/en\/wp-json\/wp\/v2\/tags?post=5850"}],"curies":[{"name":"wp","href":"https:\/\/api.w.org\/{rel}","templated":true}]}}