{"id":5599,"date":"2018-04-04T17:03:13","date_gmt":"2018-04-04T17:03:13","guid":{"rendered":"http:\/\/tanzkollektivbremen.de\/?p=5599"},"modified":"2018-05-01T16:35:51","modified_gmt":"2018-05-01T16:35:51","slug":"wiederaufnahme-und-workshop-fremd-sein","status":"publish","type":"post","link":"https:\/\/tanzkollektivbremen.de\/en\/wiederaufnahme-und-workshop-fremd-sein\/","title":{"rendered":"Wiederaufnahme Fremd.sein"},"content":{"rendered":"<h2>Tomas B\u00fcnger &amp; TanzKollektivBremen<\/h2>\n<h2>Fremd.sein<\/h2>\n<h4>Tanz<\/h4>\n<h4>Wiederaufnahme<\/h4>\n<p>FR <strong>4.<\/strong> + SA <strong>5.5.2018<\/strong><br \/>\n20 Uhr \/\u00a0Abendkasse &amp; Bar ab 19\u00a0Uhr ge\u00f6ffnet<\/p>\n<p><strong>Solidarisches Preisystem<\/strong><br \/>\n14\/10\/7 EURO, 3 EURO Bremen Pass<br \/>\nTickethotline 520 80 70 oder ticket@schwankhalle.de<\/p>\n<p>Was hat der Tanz damit zu tun, dass ich heute hier stehe? Migration ist f\u00fcr viele T\u00e4nzer*innen ein berufsbedingtes Lebensprinzip, denn sie sind es gewohnt mit unterschiedlichsten Menschen an den verschiedensten Orten zu arbeiten. Fremdsein geh\u00f6rt somit zum Alltag. F\u00fcr viele andere Menschen dagegen ist das Verlassen der Heimat der letzte Ausweg aus der Not. In <strong>\u203aFremd.sein\u2039<\/strong> begeben sich eine zeitgen\u00f6ssische T\u00e4nzerin aus Brasilien mit deutschen Wurzeln, ein aus einer syrischen Familie stammender urbaner T\u00e4nzer und ein 2014 aus Gambia geflohener Breakdancer auf eine Reise, teilen pers\u00f6nliche Geschichten und erforschen den eigenen Lebensweg.<\/p>\n<p>Choreografie\u00a0\u00a0 Tomas B\u00fcnger<br \/>\nTanz\u00a0\u00a0 Ben Hasan Al-Rim (Wiederaufnahme Kossi Sebastien Aholou-Wokawui), Mustapha Danso, Magali Sander Fett<br \/>\nVideo\u00a0\u00a0 Till Botterweck<br \/>\nKost\u00fcme\u00a0\u00a0 Christin Bokelmann<br \/>\nTechnik\u00a0\u00a0 J\u00fcrgen Petersen, Lina Brockob<br \/>\nProduktionsleitung\u00a0\u00a0 Birte Neumann<br \/>\nProjektmanagement\u00a0\u00a0 Ulrike Osten<\/p>\n<p>Dank an: Sardar Wali Hemat Kheil, Miroslaw \u017bydowicz<\/p>\n<p>Gef\u00f6rdert durch den Senator f\u00fcr Kultur Bremen.<br \/>\nUnterst\u00fctzt von der Waldemar Koch Stiftung.<\/p>\n<section id=\"termine\" class=\"collapsible\">\u00a0<\/section>\n<p>&nbsp;<\/p>\n<p>&nbsp;<\/p>\n<p>&nbsp;<\/p>\n<p>&nbsp;<\/p>","protected":false},"excerpt":{"rendered":"<p>Tomas B\u00fcnger &amp; TanzKollektivBremen Fremd.sein Tanz Wiederaufnahme FR 4. + SA 5.5.2018 20 Uhr \/\u00a0Abendkasse &amp; Bar ab 19\u00a0Uhr ge\u00f6ffnet Solidarisches Preisystem 14\/10\/7 EURO, 3 EURO Bremen Pass Tickethotline 520 80 70 oder ticket@schwankhalle.de Was hat der Tanz damit zu tun, dass ich heute hier&#8230;<\/p>","protected":false},"author":5,"featured_media":5574,"comment_status":"closed","ping_status":"closed","sticky":false,"template":"","format":"standard","meta":{"footnotes":""},"categories":[29],"tags":[],"class_list":["post-5599","post","type-post","status-publish","format-standard","has-post-thumbnail","hentry","category-training"],"_links":{"self":[{"href":"https:\/\/tanzkollektivbremen.de\/en\/wp-json\/wp\/v2\/posts\/5599","targetHints":{"allow":["GET"]}}],"collection":[{"href":"https:\/\/tanzkollektivbremen.de\/en\/wp-json\/wp\/v2\/posts"}],"about":[{"href":"https:\/\/tanzkollektivbremen.de\/en\/wp-json\/wp\/v2\/types\/post"}],"author":[{"embeddable":true,"href":"https:\/\/tanzkollektivbremen.de\/en\/wp-json\/wp\/v2\/users\/5"}],"replies":[{"embeddable":true,"href":"https:\/\/tanzkollektivbremen.de\/en\/wp-json\/wp\/v2\/comments?post=5599"}],"version-history":[{"count":4,"href":"https:\/\/tanzkollektivbremen.de\/en\/wp-json\/wp\/v2\/posts\/5599\/revisions"}],"predecessor-version":[{"id":5612,"href":"https:\/\/tanzkollektivbremen.de\/en\/wp-json\/wp\/v2\/posts\/5599\/revisions\/5612"}],"wp:featuredmedia":[{"embeddable":true,"href":"https:\/\/tanzkollektivbremen.de\/en\/wp-json\/wp\/v2\/media\/5574"}],"wp:attachment":[{"href":"https:\/\/tanzkollektivbremen.de\/en\/wp-json\/wp\/v2\/media?parent=5599"}],"wp:term":[{"taxonomy":"category","embeddable":true,"href":"https:\/\/tanzkollektivbremen.de\/en\/wp-json\/wp\/v2\/categories?post=5599"},{"taxonomy":"post_tag","embeddable":true,"href":"https:\/\/tanzkollektivbremen.de\/en\/wp-json\/wp\/v2\/tags?post=5599"}],"curies":[{"name":"wp","href":"https:\/\/api.w.org\/{rel}","templated":true}]}}