{"id":5438,"date":"2017-02-19T09:50:12","date_gmt":"2017-02-19T09:50:12","guid":{"rendered":"http:\/\/tanzkollektivbremen.de\/?p=5438"},"modified":"2021-12-30T09:26:56","modified_gmt":"2021-12-30T09:26:56","slug":"indien-und-bangladesch","status":"publish","type":"post","link":"https:\/\/tanzkollektivbremen.de\/en\/indien-und-bangladesch\/","title":{"rendered":"Indien und Bangladesch"},"content":{"rendered":"<p><b>Von Bangalore nach Dhaka!<\/b><\/p>\n<p>Als Delegierter war Tomas B\u00fcnger vom Goethe-Institut eingeladen das Festival Attakkalari Biennial 2017 in Bangalore, Indien zu besuchen, um anschlie\u00dfend seinen Unterricht in Zeitgen\u00f6ssischem Tanz und Choreografie in Dhaka, Bangladesch fortzuf\u00fchren. Hier war er auch Mentor f\u00fcr drei Choreografen, die ihre Arbeiten f\u00fcr den Fernsehsender Desh TV gezeigt haben.<\/p>\n<p>&nbsp;<\/p>\n<p>&nbsp;<\/p>\n<p>&nbsp;<\/p>\n<p>&nbsp;<\/p>","protected":false},"excerpt":{"rendered":"<p>Von Bangalore nach Dhaka! Als Delegierter war Tomas B\u00fcnger vom Goethe-Institut eingeladen das Festival Attakkalari Biennial 2017 in Bangalore, Indien zu besuchen, um anschlie\u00dfend seinen Unterricht in Zeitgen\u00f6ssischem Tanz und Choreografie in Dhaka, Bangladesch fortzuf\u00fchren. Hier war er auch Mentor f\u00fcr drei Choreografen, die ihre&#8230;<\/p>","protected":false},"author":5,"featured_media":6845,"comment_status":"closed","ping_status":"closed","sticky":false,"template":"","format":"standard","meta":{"footnotes":""},"categories":[31,29],"tags":[],"class_list":["post-5438","post","type-post","status-publish","format-standard","has-post-thumbnail","hentry","category-choreografie","category-training"],"_links":{"self":[{"href":"https:\/\/tanzkollektivbremen.de\/en\/wp-json\/wp\/v2\/posts\/5438","targetHints":{"allow":["GET"]}}],"collection":[{"href":"https:\/\/tanzkollektivbremen.de\/en\/wp-json\/wp\/v2\/posts"}],"about":[{"href":"https:\/\/tanzkollektivbremen.de\/en\/wp-json\/wp\/v2\/types\/post"}],"author":[{"embeddable":true,"href":"https:\/\/tanzkollektivbremen.de\/en\/wp-json\/wp\/v2\/users\/5"}],"replies":[{"embeddable":true,"href":"https:\/\/tanzkollektivbremen.de\/en\/wp-json\/wp\/v2\/comments?post=5438"}],"version-history":[{"count":3,"href":"https:\/\/tanzkollektivbremen.de\/en\/wp-json\/wp\/v2\/posts\/5438\/revisions"}],"predecessor-version":[{"id":5442,"href":"https:\/\/tanzkollektivbremen.de\/en\/wp-json\/wp\/v2\/posts\/5438\/revisions\/5442"}],"wp:featuredmedia":[{"embeddable":true,"href":"https:\/\/tanzkollektivbremen.de\/en\/wp-json\/wp\/v2\/media\/6845"}],"wp:attachment":[{"href":"https:\/\/tanzkollektivbremen.de\/en\/wp-json\/wp\/v2\/media?parent=5438"}],"wp:term":[{"taxonomy":"category","embeddable":true,"href":"https:\/\/tanzkollektivbremen.de\/en\/wp-json\/wp\/v2\/categories?post=5438"},{"taxonomy":"post_tag","embeddable":true,"href":"https:\/\/tanzkollektivbremen.de\/en\/wp-json\/wp\/v2\/tags?post=5438"}],"curies":[{"name":"wp","href":"https:\/\/api.w.org\/{rel}","templated":true}]}}