{"id":5223,"date":"2015-12-23T08:50:59","date_gmt":"2015-12-23T08:50:59","guid":{"rendered":"http:\/\/tanzkollektivbremen.de\/?p=5223"},"modified":"2021-12-29T18:33:03","modified_gmt":"2021-12-29T18:33:03","slug":"tanz-in-bangladesch","status":"publish","type":"post","link":"https:\/\/tanzkollektivbremen.de\/en\/tanz-in-bangladesch\/","title":{"rendered":"Von Bremen nach Bangladesch"},"content":{"rendered":"<p>Auf Einladung des Goethe-Institut Bangladesh arbeitet Tomas B\u00fcnger seit 2014 regelm\u00e4\u00dfig als Gast-Dozent am Nationaltheater in Dhaka zu verschiedenen Themen des Zeitgen\u00f6ssischen Tanzes. Im April 2016 realisierte er als K\u00fcnstlerischer Leiter die erste Plattform f\u00fcr Junge Choreografen:<\/p>\n<p>http:\/\/www.daily-sun.com\/post\/129310\/Contemporary-dance-theatre-delights-Shilpakala-audience<\/p>\n<p>Hier gibt es einen Link zu einem Interview im Nordwest-Radio, dass Tomas B\u00fcnger \u00fcber seine Arbeit in Bangladesch gegeben hat:<\/p>\n<p>http:\/\/www.radiobremen.de\/nordwestradio\/sendungen\/zwei-nach-eins\/tom-buenger106.html<\/p>\n<p>&nbsp;<\/p>\n<p>&nbsp;<\/p>\n<p>&nbsp;<\/p>\n<p>&nbsp;<\/p>\n<p>&nbsp;<\/p>\n<p>&nbsp;<\/p>","protected":false},"excerpt":{"rendered":"<p>Auf Einladung des Goethe-Institut Bangladesh arbeitet Tomas B\u00fcnger seit 2014 regelm\u00e4\u00dfig als Gast-Dozent am Nationaltheater in Dhaka zu verschiedenen Themen des Zeitgen\u00f6ssischen Tanzes. Im April 2016 realisierte er als K\u00fcnstlerischer Leiter die erste Plattform f\u00fcr Junge Choreografen: http:\/\/www.daily-sun.com\/post\/129310\/Contemporary-dance-theatre-delights-Shilpakala-audience Hier gibt es einen Link zu einem&#8230;<\/p>","protected":false},"author":5,"featured_media":6836,"comment_status":"closed","ping_status":"closed","sticky":false,"template":"","format":"standard","meta":{"footnotes":""},"categories":[1],"tags":[],"class_list":["post-5223","post","type-post","status-publish","format-standard","has-post-thumbnail","hentry","category-verschiedenes"],"_links":{"self":[{"href":"https:\/\/tanzkollektivbremen.de\/en\/wp-json\/wp\/v2\/posts\/5223","targetHints":{"allow":["GET"]}}],"collection":[{"href":"https:\/\/tanzkollektivbremen.de\/en\/wp-json\/wp\/v2\/posts"}],"about":[{"href":"https:\/\/tanzkollektivbremen.de\/en\/wp-json\/wp\/v2\/types\/post"}],"author":[{"embeddable":true,"href":"https:\/\/tanzkollektivbremen.de\/en\/wp-json\/wp\/v2\/users\/5"}],"replies":[{"embeddable":true,"href":"https:\/\/tanzkollektivbremen.de\/en\/wp-json\/wp\/v2\/comments?post=5223"}],"version-history":[{"count":6,"href":"https:\/\/tanzkollektivbremen.de\/en\/wp-json\/wp\/v2\/posts\/5223\/revisions"}],"predecessor-version":[{"id":5359,"href":"https:\/\/tanzkollektivbremen.de\/en\/wp-json\/wp\/v2\/posts\/5223\/revisions\/5359"}],"wp:featuredmedia":[{"embeddable":true,"href":"https:\/\/tanzkollektivbremen.de\/en\/wp-json\/wp\/v2\/media\/6836"}],"wp:attachment":[{"href":"https:\/\/tanzkollektivbremen.de\/en\/wp-json\/wp\/v2\/media?parent=5223"}],"wp:term":[{"taxonomy":"category","embeddable":true,"href":"https:\/\/tanzkollektivbremen.de\/en\/wp-json\/wp\/v2\/categories?post=5223"},{"taxonomy":"post_tag","embeddable":true,"href":"https:\/\/tanzkollektivbremen.de\/en\/wp-json\/wp\/v2\/tags?post=5223"}],"curies":[{"name":"wp","href":"https:\/\/api.w.org\/{rel}","templated":true}]}}