{"id":5207,"date":"2015-10-29T09:50:12","date_gmt":"2015-10-29T09:50:12","guid":{"rendered":"http:\/\/tanzkollektivbremen.de\/?p=5207"},"modified":"2016-11-12T08:44:00","modified_gmt":"2016-11-12T08:44:00","slug":"bremen-buenos-aires","status":"publish","type":"post","link":"https:\/\/tanzkollektivbremen.de\/en\/bremen-buenos-aires\/","title":{"rendered":"BREMEN &#8211; BUENOS AIRES"},"content":{"rendered":"<p>Im Oktober 2015 hat Tomas B\u00fcnger auf Einladung von Roxana Grinstein als Gast-Dozent an der Univerit\u00e4t der K\u00fcnste in Buenos Aires (UNA) und am Teatro El Port\u00f3n de S\u00e1nchez unterrichtet.<\/p>\n<p>&nbsp;<\/p>\n<p>&nbsp;<\/p>\n<p>&nbsp;<\/p>\n<p>&nbsp;<\/p>","protected":false},"excerpt":{"rendered":"<p>Im Oktober 2015 hat Tomas B\u00fcnger auf Einladung von Roxana Grinstein als Gast-Dozent an der Univerit\u00e4t der K\u00fcnste in Buenos Aires (UNA) und am Teatro El Port\u00f3n de S\u00e1nchez unterrichtet. &nbsp; &nbsp; &nbsp; &nbsp;<\/p>","protected":false},"author":5,"featured_media":5416,"comment_status":"closed","ping_status":"closed","sticky":false,"template":"","format":"standard","meta":{"footnotes":""},"categories":[29],"tags":[],"class_list":["post-5207","post","type-post","status-publish","format-standard","has-post-thumbnail","hentry","category-training"],"_links":{"self":[{"href":"https:\/\/tanzkollektivbremen.de\/en\/wp-json\/wp\/v2\/posts\/5207","targetHints":{"allow":["GET"]}}],"collection":[{"href":"https:\/\/tanzkollektivbremen.de\/en\/wp-json\/wp\/v2\/posts"}],"about":[{"href":"https:\/\/tanzkollektivbremen.de\/en\/wp-json\/wp\/v2\/types\/post"}],"author":[{"embeddable":true,"href":"https:\/\/tanzkollektivbremen.de\/en\/wp-json\/wp\/v2\/users\/5"}],"replies":[{"embeddable":true,"href":"https:\/\/tanzkollektivbremen.de\/en\/wp-json\/wp\/v2\/comments?post=5207"}],"version-history":[{"count":4,"href":"https:\/\/tanzkollektivbremen.de\/en\/wp-json\/wp\/v2\/posts\/5207\/revisions"}],"predecessor-version":[{"id":5417,"href":"https:\/\/tanzkollektivbremen.de\/en\/wp-json\/wp\/v2\/posts\/5207\/revisions\/5417"}],"wp:featuredmedia":[{"embeddable":true,"href":"https:\/\/tanzkollektivbremen.de\/en\/wp-json\/wp\/v2\/media\/5416"}],"wp:attachment":[{"href":"https:\/\/tanzkollektivbremen.de\/en\/wp-json\/wp\/v2\/media?parent=5207"}],"wp:term":[{"taxonomy":"category","embeddable":true,"href":"https:\/\/tanzkollektivbremen.de\/en\/wp-json\/wp\/v2\/categories?post=5207"},{"taxonomy":"post_tag","embeddable":true,"href":"https:\/\/tanzkollektivbremen.de\/en\/wp-json\/wp\/v2\/tags?post=5207"}],"curies":[{"name":"wp","href":"https:\/\/api.w.org\/{rel}","templated":true}]}}