{"id":4938,"date":"2015-01-15T01:08:42","date_gmt":"2015-01-15T01:08:42","guid":{"rendered":"http:\/\/tanzkollektivbremen.de\/?p=4938"},"modified":"2021-12-30T16:53:27","modified_gmt":"2021-12-30T16:53:27","slug":"tanz-bremen","status":"publish","type":"post","link":"https:\/\/tanzkollektivbremen.de\/en\/tanz-bremen\/","title":{"rendered":"TANZ BREMEN"},"content":{"rendered":"<div>Tomas B\u00fcnger wird f\u00fcr das Festival &#8222;Tanz Bremen&#8220; eine Einf\u00fchrungsperformance unter dem Titel &#8222;Eintanzen-Tanz sehen und verstehen&#8220; geben.<\/div>\n<div>Freitag, 30.01.2015&nbsp; 19:00 Sparkasse-Finanz-Centrum am Brill<\/div>\n<div>Eintritt frei!<\/div>\n<div><a title=\"Tanz Bremen\" href=\"http:\/\/www.tanz-bremen.com\">http:\/\/www.tanz-bremen.com<\/a><\/div>","protected":false},"excerpt":{"rendered":"<p>Tomas B\u00fcnger wird f\u00fcr das Festival &#8222;Tanz Bremen&#8220; eine Einf\u00fchrungsperformance unter dem Titel &#8222;Eintanzen-Tanz sehen und verstehen&#8220; geben. Freitag, 30.01.2015&nbsp; 19:00 Sparkasse-Finanz-Centrum am Brill Eintritt frei! http:\/\/www.tanz-bremen.com<\/p>","protected":false},"author":5,"featured_media":5504,"comment_status":"closed","ping_status":"closed","sticky":false,"template":"","format":"standard","meta":{"footnotes":""},"categories":[1],"tags":[],"class_list":["post-4938","post","type-post","status-publish","format-standard","has-post-thumbnail","hentry","category-verschiedenes"],"_links":{"self":[{"href":"https:\/\/tanzkollektivbremen.de\/en\/wp-json\/wp\/v2\/posts\/4938","targetHints":{"allow":["GET"]}}],"collection":[{"href":"https:\/\/tanzkollektivbremen.de\/en\/wp-json\/wp\/v2\/posts"}],"about":[{"href":"https:\/\/tanzkollektivbremen.de\/en\/wp-json\/wp\/v2\/types\/post"}],"author":[{"embeddable":true,"href":"https:\/\/tanzkollektivbremen.de\/en\/wp-json\/wp\/v2\/users\/5"}],"replies":[{"embeddable":true,"href":"https:\/\/tanzkollektivbremen.de\/en\/wp-json\/wp\/v2\/comments?post=4938"}],"version-history":[{"count":4,"href":"https:\/\/tanzkollektivbremen.de\/en\/wp-json\/wp\/v2\/posts\/4938\/revisions"}],"predecessor-version":[{"id":6875,"href":"https:\/\/tanzkollektivbremen.de\/en\/wp-json\/wp\/v2\/posts\/4938\/revisions\/6875"}],"wp:featuredmedia":[{"embeddable":true,"href":"https:\/\/tanzkollektivbremen.de\/en\/wp-json\/wp\/v2\/media\/5504"}],"wp:attachment":[{"href":"https:\/\/tanzkollektivbremen.de\/en\/wp-json\/wp\/v2\/media?parent=4938"}],"wp:term":[{"taxonomy":"category","embeddable":true,"href":"https:\/\/tanzkollektivbremen.de\/en\/wp-json\/wp\/v2\/categories?post=4938"},{"taxonomy":"post_tag","embeddable":true,"href":"https:\/\/tanzkollektivbremen.de\/en\/wp-json\/wp\/v2\/tags?post=4938"}],"curies":[{"name":"wp","href":"https:\/\/api.w.org\/{rel}","templated":true}]}}