{"id":5405,"date":"2016-10-31T07:31:15","date_gmt":"2016-10-31T07:31:15","guid":{"rendered":"http:\/\/tanzkollektivbremen.de\/?p=5405"},"modified":"2021-12-29T18:35:45","modified_gmt":"2021-12-29T18:35:45","slug":"schweres-wasser-wiederaufnahme","status":"publish","type":"post","link":"http:\/\/tanzkollektivbremen.de\/en\/schweres-wasser-wiederaufnahme\/","title":{"rendered":"Schweres Wasser (Wiederaufnahme)"},"content":{"rendered":"<p><strong>Schweres Wasser (Wiederaufnahme)<\/strong><\/p>\n<p>von Magali Sander Fett\/ Frauke Scharf (TanzKollektivBremen)<\/p>\n<p><strong>Fr. 04.11., 20.00 Uhr,&nbsp;<\/strong><strong>Sa. 05.11., 20.00 Uhr und So. 06.11.2016, 19.00 Uhr<\/strong><\/p>\n<p>extra: 06.11., 18.00 Uhr Lesung John von D\u00fcffel \u201eWassererz\u00e4hlungen\u201c<\/p>\n<p>Schwankhalle Bremen<\/p>\n<p>Kann man Wasser tanzen? Und wie l\u00e4sst sich eine Erz\u00e4hlung in Bewegung \u00fcbersetzen? Inspiriert von den Erz\u00e4hlungen des Autors John von D\u00fcffel besch\u00e4ftigen sich Magali Sander Fett und Frauke Scharf mit Wasser in seinen unterschiedlichsten Erscheinungsformen: Fl\u00fcsse, Meer, Regen, Nebel, Eis. Gemeinsam tauchen sie entlang der Texte in bildreiche Assoziationen, k\u00f6rperliche Empfindungen und seelische Zust\u00e4nde ein: &#8222;Ich stehe am Strand und schaue auf das winterglatte Wasser. Da, wo es ruht, da, wo es sich regt. Das Eis ist ganz zart und verletzlich, wie die Haut \u00fcber einer erkalteten Milch&#8230; weicher Eiswasserflaum.\u201c<\/p>\n<p>&nbsp;<\/p>\n<p>&nbsp;<\/p>\n<p>&nbsp;<\/p>\n<p>&nbsp;<\/p>\n<p>&nbsp;<\/p>","protected":false},"excerpt":{"rendered":"<p>Schweres Wasser (Wiederaufnahme) von Magali Sander Fett\/ Frauke Scharf (TanzKollektivBremen) Fr. 04.11., 20.00 Uhr,&nbsp;Sa. 05.11., 20.00 Uhr und So. 06.11.2016, 19.00 Uhr extra: 06.11., 18.00 Uhr Lesung John von D\u00fcffel \u201eWassererz\u00e4hlungen\u201c Schwankhalle Bremen Kann man Wasser tanzen? Und wie l\u00e4sst sich eine Erz\u00e4hlung in Bewegung&#8230;<\/p>","protected":false},"author":5,"featured_media":5467,"comment_status":"closed","ping_status":"closed","sticky":false,"template":"","format":"standard","meta":{"footnotes":""},"categories":[31,30],"tags":[],"class_list":["post-5405","post","type-post","status-publish","format-standard","has-post-thumbnail","hentry","category-choreografie","category-performance"],"_links":{"self":[{"href":"http:\/\/tanzkollektivbremen.de\/en\/wp-json\/wp\/v2\/posts\/5405","targetHints":{"allow":["GET"]}}],"collection":[{"href":"http:\/\/tanzkollektivbremen.de\/en\/wp-json\/wp\/v2\/posts"}],"about":[{"href":"http:\/\/tanzkollektivbremen.de\/en\/wp-json\/wp\/v2\/types\/post"}],"author":[{"embeddable":true,"href":"http:\/\/tanzkollektivbremen.de\/en\/wp-json\/wp\/v2\/users\/5"}],"replies":[{"embeddable":true,"href":"http:\/\/tanzkollektivbremen.de\/en\/wp-json\/wp\/v2\/comments?post=5405"}],"version-history":[{"count":2,"href":"http:\/\/tanzkollektivbremen.de\/en\/wp-json\/wp\/v2\/posts\/5405\/revisions"}],"predecessor-version":[{"id":6837,"href":"http:\/\/tanzkollektivbremen.de\/en\/wp-json\/wp\/v2\/posts\/5405\/revisions\/6837"}],"wp:featuredmedia":[{"embeddable":true,"href":"http:\/\/tanzkollektivbremen.de\/en\/wp-json\/wp\/v2\/media\/5467"}],"wp:attachment":[{"href":"http:\/\/tanzkollektivbremen.de\/en\/wp-json\/wp\/v2\/media?parent=5405"}],"wp:term":[{"taxonomy":"category","embeddable":true,"href":"http:\/\/tanzkollektivbremen.de\/en\/wp-json\/wp\/v2\/categories?post=5405"},{"taxonomy":"post_tag","embeddable":true,"href":"http:\/\/tanzkollektivbremen.de\/en\/wp-json\/wp\/v2\/tags?post=5405"}],"curies":[{"name":"wp","href":"https:\/\/api.w.org\/{rel}","templated":true}]}}